{"id":1058,"date":"2017-08-27T09:00:43","date_gmt":"2017-08-27T09:00:43","guid":{"rendered":"http:\/\/www.travel3.com.br\/site\/ir-e-vir\/ar\/publico-e-turistas-retomam-movimento-de-las-ramblas\/"},"modified":"2017-08-27T09:00:43","modified_gmt":"2017-08-27T09:00:43","slug":"publico-e-turistas-retomam-movimento-de-las-ramblas","status":"publish","type":"post","link":"https:\/\/www.travel3.com.br\/site\/sem-categoria\/publico-e-turistas-retomam-movimento-de-las-ramblas\/","title":{"rendered":"PUBLICO E TURISTAS RETOMAM MOVIMENTO DE LAS RAMBLAS"},"content":{"rendered":"<p><span style=\"color: #40acad; font-family: -apple-system, system-ui, 'Segoe UI', Roboto, Oxygen-Sans, Ubuntu, Cantarell, 'Helvetica Neue', sans-serif; font-size: 12px; font-weight: bold;\"><\/p>\n<p style=\"text-align:justify\">Embora sob vis\u00edvel preocupa\u00e7\u00e3o e ambiente visual de ostensiva seguran\u00e7a, os locais e os turistas voltam a marcar presen\u00e7a em grande numero na principal avenida central de Barcelona. Desde a tarde de ontem, quando a regi\u00e3o foi liberada para a circula\u00e7\u00e3o, o numero de circulantes voltou como em um claro dizer que n\u00e3o haver\u00e1 intimida\u00e7\u00e3o por atitudes terroristas.<\/p>\n<p style=\"text-align:justify\">&#8220;N\u00e3o temos que ter medo&#8221;, disse Enrique Camprubi, residente da cidade h\u00e1 40 anos.\u00a0&#8220;E n\u00e3o temos medo porque \u00e9 o que eles querem, o Estado isl\u00e2mico, eles querem assustar-nos para que fiquemos em casa. Essa \u00e9 a \u00faltima coisa que vamos fazer&#8221;.<\/p>\n<p style=\"text-align:justify\"><a class=\"fancybox-media\" href=\"..\/_uploads\/_noticia\/2017-08\/lasramblasretomada.jpg\" rel=\"portfolio\"><img decoding=\"async\" alt=\"\" src=\"..\/_uploads\/_noticia\/2017-08\/lasramblasretomada.jpg\" \/><\/a><\/p>\n<p style=\"text-align:justify\">Chamou a aten\u00e7\u00e3o o movimento de milhares de pessoas que se reuniram por um minuto de sil\u00eancio na pra\u00e7a Catalunya \u00a0e depois desceram Las Ramblas, cantando e batendo palmas em un\u00edssono.<\/p>\n<p style=\"text-align:justify\">As bancas de flores onde a van assassina se posicionou antes do ataque, no entanto, permaneceu fechada. Al\u00e9m disso, La Boqueria, um mercado que \u00e9 uma das atra\u00e7\u00f5es tur\u00edsticas mais famosas da cidade, permaneceu com as portas cerradas.<\/p>\n<p style=\"text-align:justify\">Hoje houve uma comemora\u00e7\u00e3o com a descoberta \u2013 s\u00e3o e salvo \u2013 do menino de 5 anos e dupla nacionalidade (brit\u00e2nico e australiano), que estava desaparecido desde o dia do ato. Ele havia sido separado da m\u00e3e que foi ferida e hospitalizada e a localiza\u00e7\u00e3o foi anunciada ap\u00f3s os esfor\u00e7os de sua procura.<\/p>\n<p style=\"text-align:justify\">A Espanha \u2013 que conseguiu evitar ataques terroristas por 13 anos \u2013 viveu uma semana absolutamente anormal, em pleno auge da temporada de Ver\u00e3o, com Barcelona lotada de turistas de v\u00e1rias partes do mundo, como de h\u00e1bito.\u00a0 E depois houve o segundo problema em Cambrils, 100 km distante da capital da Catalunha, quando os choques com as for\u00e7as de seguran\u00e7a resultaram na morte de cinco jovens marroquinhos, um de 17, dois de 19, um de 21 e outro de 24 anos.<\/p>\n<p style=\"text-align:justify\">A Espanha considera que a celular terrorista integrada por 12 elementos em dois grupos foi desarticulada, embora o condutor da van que atacou em Barcelona continue foragido e sendo buscado de todas as formas.<\/p>\n<p style=\"text-align:justify\">O pais assumiu o n\u00edvel de seguran\u00e7a do alerta 4 e refor\u00e7ou a vigil\u00e2ncia em v\u00e1rias reuni\u00f5es, especialmente na fronteira com a Fran\u00e7a, poss\u00edvel rota de fuga dos terroristas.<\/p>\n<p style=\"text-align:justify\">Entre as manifesta\u00e7\u00f5es de repudio pelo ataque, uma mensagem do rei Mohamed VI foi enviada ao rei da Espanha. A maior parte do grupo terrorista segundo as identifica\u00e7\u00f5es das autoridades \u00e9 de jovens do Marrocos.<\/p>\n<p>\u00a0<\/p>\n<p>\u00a0<\/p>\n<p><\/span><\/p>\n","protected":false},"excerpt":{"rendered":"<p>Barcelona vive fim de semana p\u00f3s impacto do terrorismo que voltou \u00e0 Espanha depois de 13 anos<\/p>\n","protected":false},"author":1,"featured_media":0,"comment_status":"open","ping_status":"open","sticky":false,"template":"","format":"standard","meta":{"footnotes":""},"categories":[],"tags":[],"class_list":["post-1058","post","type-post","status-publish","format-standard","hentry"],"yoast_head":"<!-- This site is optimized with the Yoast SEO plugin v26.2 - https:\/\/yoast.com\/wordpress\/plugins\/seo\/ -->\n<title>PUBLICO E TURISTAS RETOMAM MOVIMENTO DE LAS RAMBLAS - Travel3<\/title>\n<meta name=\"description\" content=\"A TRAVEL3 \u00e9 um portal de conte\u00fado voltado para o turismo, encontre destinos, viagens, hospedagem, passagens, guias, not\u00edcias sobre o mercado do turismo, dicas de viagem, v\u00eddeos e podcast.\" \/>\n<meta name=\"robots\" content=\"index, follow, max-snippet:-1, max-image-preview:large, max-video-preview:-1\" \/>\n<link rel=\"canonical\" href=\"https:\/\/www.travel3.com.br\/site\/sem-categoria\/publico-e-turistas-retomam-movimento-de-las-ramblas\/\" \/>\n<meta property=\"og:locale\" content=\"pt_BR\" \/>\n<meta property=\"og:type\" content=\"article\" \/>\n<meta property=\"og:title\" content=\"PUBLICO E TURISTAS RETOMAM MOVIMENTO DE LAS RAMBLAS - Travel3\" \/>\n<meta property=\"og:description\" content=\"A TRAVEL3 \u00e9 um portal de conte\u00fado voltado para o turismo, encontre destinos, viagens, hospedagem, passagens, guias, not\u00edcias sobre o mercado do turismo, dicas de viagem, v\u00eddeos e podcast.\" \/>\n<meta property=\"og:url\" content=\"https:\/\/www.travel3.com.br\/site\/sem-categoria\/publico-e-turistas-retomam-movimento-de-las-ramblas\/\" \/>\n<meta property=\"og:site_name\" content=\"Travel3\" \/>\n<meta property=\"article:publisher\" content=\"https:\/\/www.facebook.com\/travel3media\/\" \/>\n<meta property=\"article:published_time\" content=\"2017-08-27T09:00:43+00:00\" \/>\n<meta name=\"author\" content=\"admin\" \/>\n<meta name=\"twitter:card\" content=\"summary_large_image\" \/>\n<meta name=\"twitter:label1\" content=\"Escrito por\" \/>\n\t<meta name=\"twitter:data1\" content=\"admin\" \/>\n\t<meta name=\"twitter:label2\" content=\"Est. tempo de leitura\" \/>\n\t<meta name=\"twitter:data2\" content=\"2 minutos\" \/>\n<script type=\"application\/ld+json\" class=\"yoast-schema-graph\">{\"@context\":\"https:\/\/schema.org\",\"@graph\":[{\"@type\":\"Article\",\"@id\":\"https:\/\/www.travel3.com.br\/site\/sem-categoria\/publico-e-turistas-retomam-movimento-de-las-ramblas\/#article\",\"isPartOf\":{\"@id\":\"https:\/\/www.travel3.com.br\/site\/sem-categoria\/publico-e-turistas-retomam-movimento-de-las-ramblas\/\"},\"author\":{\"name\":\"admin\",\"@id\":\"https:\/\/www.travel3.com.br\/site\/#\/schema\/person\/a69d71e41a024999b6ab82369ac0bd1e\"},\"headline\":\"PUBLICO E TURISTAS RETOMAM MOVIMENTO DE LAS RAMBLAS\",\"datePublished\":\"2017-08-27T09:00:43+00:00\",\"mainEntityOfPage\":{\"@id\":\"https:\/\/www.travel3.com.br\/site\/sem-categoria\/publico-e-turistas-retomam-movimento-de-las-ramblas\/\"},\"wordCount\":432,\"commentCount\":0,\"publisher\":{\"@id\":\"https:\/\/www.travel3.com.br\/site\/#organization\"},\"inLanguage\":\"pt-BR\",\"potentialAction\":[{\"@type\":\"CommentAction\",\"name\":\"Comment\",\"target\":[\"https:\/\/www.travel3.com.br\/site\/sem-categoria\/publico-e-turistas-retomam-movimento-de-las-ramblas\/#respond\"]}]},{\"@type\":\"WebPage\",\"@id\":\"https:\/\/www.travel3.com.br\/site\/sem-categoria\/publico-e-turistas-retomam-movimento-de-las-ramblas\/\",\"url\":\"https:\/\/www.travel3.com.br\/site\/sem-categoria\/publico-e-turistas-retomam-movimento-de-las-ramblas\/\",\"name\":\"PUBLICO E TURISTAS RETOMAM MOVIMENTO DE LAS RAMBLAS - Travel3\",\"isPartOf\":{\"@id\":\"https:\/\/www.travel3.com.br\/site\/#website\"},\"datePublished\":\"2017-08-27T09:00:43+00:00\",\"description\":\"A TRAVEL3 \u00e9 um portal de conte\u00fado voltado para o turismo, encontre destinos, viagens, hospedagem, passagens, guias, not\u00edcias sobre o mercado do turismo, dicas de viagem, v\u00eddeos e podcast.\",\"breadcrumb\":{\"@id\":\"https:\/\/www.travel3.com.br\/site\/sem-categoria\/publico-e-turistas-retomam-movimento-de-las-ramblas\/#breadcrumb\"},\"inLanguage\":\"pt-BR\",\"potentialAction\":[{\"@type\":\"ReadAction\",\"target\":[\"https:\/\/www.travel3.com.br\/site\/sem-categoria\/publico-e-turistas-retomam-movimento-de-las-ramblas\/\"]}]},{\"@type\":\"BreadcrumbList\",\"@id\":\"https:\/\/www.travel3.com.br\/site\/sem-categoria\/publico-e-turistas-retomam-movimento-de-las-ramblas\/#breadcrumb\",\"itemListElement\":[{\"@type\":\"ListItem\",\"position\":1,\"name\":\"In\u00edcio\",\"item\":\"https:\/\/www.travel3.com.br\/site\/\"},{\"@type\":\"ListItem\",\"position\":2,\"name\":\"PUBLICO E TURISTAS RETOMAM MOVIMENTO DE LAS RAMBLAS\"}]},{\"@type\":\"WebSite\",\"@id\":\"https:\/\/www.travel3.com.br\/site\/#website\",\"url\":\"https:\/\/www.travel3.com.br\/site\/\",\"name\":\"Travel3\",\"description\":\"Lazer + Neg&oacute;cios + Aventura\",\"publisher\":{\"@id\":\"https:\/\/www.travel3.com.br\/site\/#organization\"},\"potentialAction\":[{\"@type\":\"SearchAction\",\"target\":{\"@type\":\"EntryPoint\",\"urlTemplate\":\"https:\/\/www.travel3.com.br\/site\/?s={search_term_string}\"},\"query-input\":{\"@type\":\"PropertyValueSpecification\",\"valueRequired\":true,\"valueName\":\"search_term_string\"}}],\"inLanguage\":\"pt-BR\"},{\"@type\":\"Organization\",\"@id\":\"https:\/\/www.travel3.com.br\/site\/#organization\",\"name\":\"Travel3\",\"url\":\"https:\/\/www.travel3.com.br\/site\/\",\"logo\":{\"@type\":\"ImageObject\",\"inLanguage\":\"pt-BR\",\"@id\":\"https:\/\/www.travel3.com.br\/site\/#\/schema\/logo\/image\/\",\"url\":\"https:\/\/www.travel3.com.br\/site\/wp-content\/uploads\/2020\/01\/logo-travel3-2020.png\",\"contentUrl\":\"https:\/\/www.travel3.com.br\/site\/wp-content\/uploads\/2020\/01\/logo-travel3-2020.png\",\"width\":232,\"height\":79,\"caption\":\"Travel3\"},\"image\":{\"@id\":\"https:\/\/www.travel3.com.br\/site\/#\/schema\/logo\/image\/\"},\"sameAs\":[\"https:\/\/www.facebook.com\/travel3media\/\",\"https:\/\/www.instagram.com\/revistatravel3\/\",\"https:\/\/www.youtube.com\/channel\/UCno7J4paGBR3VbZQzvoJ9Eg\"]},{\"@type\":\"Person\",\"@id\":\"https:\/\/www.travel3.com.br\/site\/#\/schema\/person\/a69d71e41a024999b6ab82369ac0bd1e\",\"name\":\"admin\",\"image\":{\"@type\":\"ImageObject\",\"inLanguage\":\"pt-BR\",\"@id\":\"https:\/\/www.travel3.com.br\/site\/#\/schema\/person\/image\/\",\"url\":\"https:\/\/secure.gravatar.com\/avatar\/732a67adfd764da2a47ba10ce731c4c0?s=96&d=mm&r=g\",\"contentUrl\":\"https:\/\/secure.gravatar.com\/avatar\/732a67adfd764da2a47ba10ce731c4c0?s=96&d=mm&r=g\",\"caption\":\"admin\"},\"url\":\"https:\/\/www.travel3.com.br\/site\/author\/admin\/\"}]}<\/script>\n<!-- \/ Yoast SEO plugin. -->","yoast_head_json":{"title":"PUBLICO E TURISTAS RETOMAM MOVIMENTO DE LAS RAMBLAS - Travel3","description":"A TRAVEL3 \u00e9 um portal de conte\u00fado voltado para o turismo, encontre destinos, viagens, hospedagem, passagens, guias, not\u00edcias sobre o mercado do turismo, dicas de viagem, v\u00eddeos e podcast.","robots":{"index":"index","follow":"follow","max-snippet":"max-snippet:-1","max-image-preview":"max-image-preview:large","max-video-preview":"max-video-preview:-1"},"canonical":"https:\/\/www.travel3.com.br\/site\/sem-categoria\/publico-e-turistas-retomam-movimento-de-las-ramblas\/","og_locale":"pt_BR","og_type":"article","og_title":"PUBLICO E TURISTAS RETOMAM MOVIMENTO DE LAS RAMBLAS - Travel3","og_description":"A TRAVEL3 \u00e9 um portal de conte\u00fado voltado para o turismo, encontre destinos, viagens, hospedagem, passagens, guias, not\u00edcias sobre o mercado do turismo, dicas de viagem, v\u00eddeos e podcast.","og_url":"https:\/\/www.travel3.com.br\/site\/sem-categoria\/publico-e-turistas-retomam-movimento-de-las-ramblas\/","og_site_name":"Travel3","article_publisher":"https:\/\/www.facebook.com\/travel3media\/","article_published_time":"2017-08-27T09:00:43+00:00","author":"admin","twitter_card":"summary_large_image","twitter_misc":{"Escrito por":"admin","Est. tempo de leitura":"2 minutos"},"schema":{"@context":"https:\/\/schema.org","@graph":[{"@type":"Article","@id":"https:\/\/www.travel3.com.br\/site\/sem-categoria\/publico-e-turistas-retomam-movimento-de-las-ramblas\/#article","isPartOf":{"@id":"https:\/\/www.travel3.com.br\/site\/sem-categoria\/publico-e-turistas-retomam-movimento-de-las-ramblas\/"},"author":{"name":"admin","@id":"https:\/\/www.travel3.com.br\/site\/#\/schema\/person\/a69d71e41a024999b6ab82369ac0bd1e"},"headline":"PUBLICO E TURISTAS RETOMAM MOVIMENTO DE LAS RAMBLAS","datePublished":"2017-08-27T09:00:43+00:00","mainEntityOfPage":{"@id":"https:\/\/www.travel3.com.br\/site\/sem-categoria\/publico-e-turistas-retomam-movimento-de-las-ramblas\/"},"wordCount":432,"commentCount":0,"publisher":{"@id":"https:\/\/www.travel3.com.br\/site\/#organization"},"inLanguage":"pt-BR","potentialAction":[{"@type":"CommentAction","name":"Comment","target":["https:\/\/www.travel3.com.br\/site\/sem-categoria\/publico-e-turistas-retomam-movimento-de-las-ramblas\/#respond"]}]},{"@type":"WebPage","@id":"https:\/\/www.travel3.com.br\/site\/sem-categoria\/publico-e-turistas-retomam-movimento-de-las-ramblas\/","url":"https:\/\/www.travel3.com.br\/site\/sem-categoria\/publico-e-turistas-retomam-movimento-de-las-ramblas\/","name":"PUBLICO E TURISTAS RETOMAM MOVIMENTO DE LAS RAMBLAS - Travel3","isPartOf":{"@id":"https:\/\/www.travel3.com.br\/site\/#website"},"datePublished":"2017-08-27T09:00:43+00:00","description":"A TRAVEL3 \u00e9 um portal de conte\u00fado voltado para o turismo, encontre destinos, viagens, hospedagem, passagens, guias, not\u00edcias sobre o mercado do turismo, dicas de viagem, v\u00eddeos e podcast.","breadcrumb":{"@id":"https:\/\/www.travel3.com.br\/site\/sem-categoria\/publico-e-turistas-retomam-movimento-de-las-ramblas\/#breadcrumb"},"inLanguage":"pt-BR","potentialAction":[{"@type":"ReadAction","target":["https:\/\/www.travel3.com.br\/site\/sem-categoria\/publico-e-turistas-retomam-movimento-de-las-ramblas\/"]}]},{"@type":"BreadcrumbList","@id":"https:\/\/www.travel3.com.br\/site\/sem-categoria\/publico-e-turistas-retomam-movimento-de-las-ramblas\/#breadcrumb","itemListElement":[{"@type":"ListItem","position":1,"name":"In\u00edcio","item":"https:\/\/www.travel3.com.br\/site\/"},{"@type":"ListItem","position":2,"name":"PUBLICO E TURISTAS RETOMAM MOVIMENTO DE LAS RAMBLAS"}]},{"@type":"WebSite","@id":"https:\/\/www.travel3.com.br\/site\/#website","url":"https:\/\/www.travel3.com.br\/site\/","name":"Travel3","description":"Lazer + Neg&oacute;cios + Aventura","publisher":{"@id":"https:\/\/www.travel3.com.br\/site\/#organization"},"potentialAction":[{"@type":"SearchAction","target":{"@type":"EntryPoint","urlTemplate":"https:\/\/www.travel3.com.br\/site\/?s={search_term_string}"},"query-input":{"@type":"PropertyValueSpecification","valueRequired":true,"valueName":"search_term_string"}}],"inLanguage":"pt-BR"},{"@type":"Organization","@id":"https:\/\/www.travel3.com.br\/site\/#organization","name":"Travel3","url":"https:\/\/www.travel3.com.br\/site\/","logo":{"@type":"ImageObject","inLanguage":"pt-BR","@id":"https:\/\/www.travel3.com.br\/site\/#\/schema\/logo\/image\/","url":"https:\/\/www.travel3.com.br\/site\/wp-content\/uploads\/2020\/01\/logo-travel3-2020.png","contentUrl":"https:\/\/www.travel3.com.br\/site\/wp-content\/uploads\/2020\/01\/logo-travel3-2020.png","width":232,"height":79,"caption":"Travel3"},"image":{"@id":"https:\/\/www.travel3.com.br\/site\/#\/schema\/logo\/image\/"},"sameAs":["https:\/\/www.facebook.com\/travel3media\/","https:\/\/www.instagram.com\/revistatravel3\/","https:\/\/www.youtube.com\/channel\/UCno7J4paGBR3VbZQzvoJ9Eg"]},{"@type":"Person","@id":"https:\/\/www.travel3.com.br\/site\/#\/schema\/person\/a69d71e41a024999b6ab82369ac0bd1e","name":"admin","image":{"@type":"ImageObject","inLanguage":"pt-BR","@id":"https:\/\/www.travel3.com.br\/site\/#\/schema\/person\/image\/","url":"https:\/\/secure.gravatar.com\/avatar\/732a67adfd764da2a47ba10ce731c4c0?s=96&d=mm&r=g","contentUrl":"https:\/\/secure.gravatar.com\/avatar\/732a67adfd764da2a47ba10ce731c4c0?s=96&d=mm&r=g","caption":"admin"},"url":"https:\/\/www.travel3.com.br\/site\/author\/admin\/"}]}},"_links":{"self":[{"href":"https:\/\/www.travel3.com.br\/site\/wp-json\/wp\/v2\/posts\/1058","targetHints":{"allow":["GET"]}}],"collection":[{"href":"https:\/\/www.travel3.com.br\/site\/wp-json\/wp\/v2\/posts"}],"about":[{"href":"https:\/\/www.travel3.com.br\/site\/wp-json\/wp\/v2\/types\/post"}],"author":[{"embeddable":true,"href":"https:\/\/www.travel3.com.br\/site\/wp-json\/wp\/v2\/users\/1"}],"replies":[{"embeddable":true,"href":"https:\/\/www.travel3.com.br\/site\/wp-json\/wp\/v2\/comments?post=1058"}],"version-history":[{"count":0,"href":"https:\/\/www.travel3.com.br\/site\/wp-json\/wp\/v2\/posts\/1058\/revisions"}],"wp:attachment":[{"href":"https:\/\/www.travel3.com.br\/site\/wp-json\/wp\/v2\/media?parent=1058"}],"wp:term":[{"taxonomy":"category","embeddable":true,"href":"https:\/\/www.travel3.com.br\/site\/wp-json\/wp\/v2\/categories?post=1058"},{"taxonomy":"post_tag","embeddable":true,"href":"https:\/\/www.travel3.com.br\/site\/wp-json\/wp\/v2\/tags?post=1058"}],"curies":[{"name":"wp","href":"https:\/\/api.w.org\/{rel}","templated":true}]}}