{"id":1000,"date":"2017-09-11T06:55:20","date_gmt":"2017-09-11T06:55:20","guid":{"rendered":"http:\/\/www.travel3.com.br\/site\/ir-e-vir\/ar\/a-maior-movimentacao-religiosa-comecando-em-meca\/"},"modified":"2017-09-11T06:55:20","modified_gmt":"2017-09-11T06:55:20","slug":"a-maior-movimentacao-religiosa-comecando-em-meca","status":"publish","type":"post","link":"https:\/\/www.travel3.com.br\/site\/sem-categoria\/a-maior-movimentacao-religiosa-comecando-em-meca\/","title":{"rendered":"A MAIOR MOVIMENTA\u00c7\u00c3O RELIGIOSA COME\u00c7ANDO EM MECA"},"content":{"rendered":"<p><span style=\"color: #40acad; font-family: -apple-system, system-ui, 'Segoe UI', Roboto, Oxygen-Sans, Ubuntu, Cantarell, 'Helvetica Neue', sans-serif; font-size: 12px; font-weight: bold;\"><\/p>\n<p style=\"text-align:justify\">A Diretoria Geral de Passaportes da Ar\u00e1bia Saudita informou nas estat\u00edsticas que \u00a01.313.946 peregrinos chegaram por via a\u00e9rea, 79.501 vieram por terra e 12.477 chegaram por mar. Na soma total, o numero representa um aumento de 33% na compara\u00e7\u00e3o com o mesmo per\u00edodo do ano passado.<\/p>\n<p style=\"text-align:justify\">Quando das comemora\u00e7\u00f5es oficiais dever\u00e3o ser 2,038 milh\u00f5es de peregrinos, de acordo com o Principe Khalid Al-Faisal, da cust\u00f3dia das duas Mesquitas Sagradas e presidente do Comit\u00ea Central do Hajj.<\/p>\n<p style=\"text-align:justify\"><a class=\"fancybox-media\" href=\"..\/_uploads\/_noticia\/2017-08\/2mecaperegrinos.jpg\" rel=\"portfolio\"><img decoding=\"async\" alt=\"\" src=\"..\/_uploads\/_noticia\/2017-08\/2mecaperegrinos.jpg\" \/><\/a><\/p>\n<p style=\"text-align:justify\">No in\u00edcio desta semana, as autoridades sauditas confirmaram que um grupo de nove peregrinos brit\u00e2nicos que circularam por 3 mil km pela Fran\u00e7a, Su\u00ed\u00e7a, It\u00e1lia, Gr\u00e9cia e Egito durante seis semanas, \u00a0chegaram em Madinah no domingo, 20 de agosto, depois de terem iniciado a peregrina\u00e7\u00e3o em 14 de julho.<\/p>\n<p style=\"text-align:justify\">Logo ap\u00f3s o per\u00edodo de peregrina\u00e7\u00e3o\u00a0 anual ser\u00e3o retomadas as obras de expans\u00e3o da Grande Mesquita, or\u00e7ados em US $ 26,6 bilh\u00f5es. O reinicio acontecer\u00e1 quase dois anos depois \u00a0da paraliza\u00e7\u00e3o ocasionada por um colapso da grua que matou 107 pessoas, em setembro de 2015.<\/p>\n<p style=\"text-align:justify\"><a class=\"fancybox-media\" href=\"..\/_uploads\/_noticia\/2017-08\/mecagrandemesquitaobras.jpg\" rel=\"portfolio\"><img decoding=\"async\" alt=\"\" src=\"..\/_uploads\/_noticia\/2017-08\/mecagrandemesquitaobras.jpg\" \/><\/a><\/p>\n<p style=\"text-align:justify\">Este fato confirma as indica\u00e7\u00f5es de que a Ar\u00e1bia Saudita est\u00e1 interessada em retomar o trabalho em grandes setores de turismo religioso e na sua infra-estrutura como parte de um esfor\u00e7o para diversificar a economia al\u00e9m das exporta\u00e7\u00f5es de petr\u00f3leo.<\/p>\n<p style=\"text-align:justify\">O Minist\u00e9rio das Finan\u00e7as alocou uma parte do or\u00e7amento deste ano para projetos-chave, como o .complexo hoteleiro de Abraj Kudai em Meca, \u00a0com or\u00e7amento de US$ 3,5 bilh\u00f5es e que ser\u00e1 reiniciada nos pr\u00f3ximos meses,<\/p>\n<p style=\"text-align:justify\">Tamb\u00e9m j\u00e1 foi autorizado o reinicio de trabalhos para o novo aeroporto do rei Abdulaziz, em Jeddah.<\/p>\n<p style=\"text-align:justify\"><a class=\"fancybox-media\" href=\"..\/_uploads\/_noticia\/2017-08\/mecamesquitaalharam.jpg\" rel=\"portfolio\"><img decoding=\"async\" alt=\"\" src=\"..\/_uploads\/_noticia\/2017-08\/mecamesquitaalharam.jpg\" \/><\/a><\/p>\n<p style=\"text-align:justify\"><strong>O fluxo religioso tem sua grande concentra\u00e7\u00e3o no Hajj e a cidade de Meca, simbolo da religi\u00e3o mu\u00e7ulmana tem na obrigatoriedade de visita pela f\u00e9 uma das maiores concentra\u00e7\u00f5es religiosas do mundo. Na mesquita al-Haram, esta \u00e9 uma imagem que se renova anualmente<\/strong><\/p>\n<p>\u00a0<\/p>\n<p>\u00a0<\/p>\n<p>\u00a0<\/p>\n<p>\u00a0<\/p>\n<p><\/span><\/p>\n","protected":false},"excerpt":{"rendered":"<p>S\u00e3o 1,5 milh\u00e3o de peregrinos, aumento de 33% em rela\u00e7\u00e3o a 2016 e com aten\u00e7\u00e3o redobrada para o turismo religioso e sua infraestrutura<\/p>\n","protected":false},"author":1,"featured_media":0,"comment_status":"open","ping_status":"open","sticky":false,"template":"","format":"standard","meta":{"footnotes":""},"categories":[],"tags":[],"class_list":["post-1000","post","type-post","status-publish","format-standard","hentry"],"yoast_head":"<!-- This site is optimized with the Yoast SEO plugin v26.2 - https:\/\/yoast.com\/wordpress\/plugins\/seo\/ -->\n<title>A MAIOR MOVIMENTA\u00c7\u00c3O RELIGIOSA COME\u00c7ANDO EM MECA - Travel3<\/title>\n<meta name=\"description\" content=\"A TRAVEL3 \u00e9 um portal de conte\u00fado voltado para o turismo, encontre destinos, viagens, hospedagem, passagens, guias, not\u00edcias sobre o mercado do turismo, dicas de viagem, v\u00eddeos e podcast.\" \/>\n<meta name=\"robots\" content=\"index, follow, max-snippet:-1, max-image-preview:large, max-video-preview:-1\" \/>\n<link rel=\"canonical\" href=\"https:\/\/www.travel3.com.br\/site\/sem-categoria\/a-maior-movimentacao-religiosa-comecando-em-meca\/\" \/>\n<meta property=\"og:locale\" content=\"pt_BR\" \/>\n<meta property=\"og:type\" content=\"article\" \/>\n<meta property=\"og:title\" content=\"A MAIOR MOVIMENTA\u00c7\u00c3O RELIGIOSA COME\u00c7ANDO EM MECA - Travel3\" \/>\n<meta property=\"og:description\" content=\"A TRAVEL3 \u00e9 um portal de conte\u00fado voltado para o turismo, encontre destinos, viagens, hospedagem, passagens, guias, not\u00edcias sobre o mercado do turismo, dicas de viagem, v\u00eddeos e podcast.\" \/>\n<meta property=\"og:url\" content=\"https:\/\/www.travel3.com.br\/site\/sem-categoria\/a-maior-movimentacao-religiosa-comecando-em-meca\/\" \/>\n<meta property=\"og:site_name\" content=\"Travel3\" \/>\n<meta property=\"article:publisher\" content=\"https:\/\/www.facebook.com\/travel3media\/\" \/>\n<meta property=\"article:published_time\" content=\"2017-09-11T06:55:20+00:00\" \/>\n<meta name=\"author\" content=\"admin\" \/>\n<meta name=\"twitter:card\" content=\"summary_large_image\" \/>\n<meta name=\"twitter:label1\" content=\"Escrito por\" \/>\n\t<meta name=\"twitter:data1\" content=\"admin\" \/>\n\t<meta name=\"twitter:label2\" content=\"Est. tempo de leitura\" \/>\n\t<meta name=\"twitter:data2\" content=\"2 minutos\" \/>\n<script type=\"application\/ld+json\" class=\"yoast-schema-graph\">{\"@context\":\"https:\/\/schema.org\",\"@graph\":[{\"@type\":\"Article\",\"@id\":\"https:\/\/www.travel3.com.br\/site\/sem-categoria\/a-maior-movimentacao-religiosa-comecando-em-meca\/#article\",\"isPartOf\":{\"@id\":\"https:\/\/www.travel3.com.br\/site\/sem-categoria\/a-maior-movimentacao-religiosa-comecando-em-meca\/\"},\"author\":{\"name\":\"admin\",\"@id\":\"https:\/\/www.travel3.com.br\/site\/#\/schema\/person\/a69d71e41a024999b6ab82369ac0bd1e\"},\"headline\":\"A MAIOR MOVIMENTA\u00c7\u00c3O RELIGIOSA COME\u00c7ANDO EM MECA\",\"datePublished\":\"2017-09-11T06:55:20+00:00\",\"mainEntityOfPage\":{\"@id\":\"https:\/\/www.travel3.com.br\/site\/sem-categoria\/a-maior-movimentacao-religiosa-comecando-em-meca\/\"},\"wordCount\":341,\"commentCount\":0,\"publisher\":{\"@id\":\"https:\/\/www.travel3.com.br\/site\/#organization\"},\"inLanguage\":\"pt-BR\",\"potentialAction\":[{\"@type\":\"CommentAction\",\"name\":\"Comment\",\"target\":[\"https:\/\/www.travel3.com.br\/site\/sem-categoria\/a-maior-movimentacao-religiosa-comecando-em-meca\/#respond\"]}]},{\"@type\":\"WebPage\",\"@id\":\"https:\/\/www.travel3.com.br\/site\/sem-categoria\/a-maior-movimentacao-religiosa-comecando-em-meca\/\",\"url\":\"https:\/\/www.travel3.com.br\/site\/sem-categoria\/a-maior-movimentacao-religiosa-comecando-em-meca\/\",\"name\":\"A MAIOR MOVIMENTA\u00c7\u00c3O RELIGIOSA COME\u00c7ANDO EM MECA - Travel3\",\"isPartOf\":{\"@id\":\"https:\/\/www.travel3.com.br\/site\/#website\"},\"datePublished\":\"2017-09-11T06:55:20+00:00\",\"description\":\"A TRAVEL3 \u00e9 um portal de conte\u00fado voltado para o turismo, encontre destinos, viagens, hospedagem, passagens, guias, not\u00edcias sobre o mercado do turismo, dicas de viagem, v\u00eddeos e podcast.\",\"breadcrumb\":{\"@id\":\"https:\/\/www.travel3.com.br\/site\/sem-categoria\/a-maior-movimentacao-religiosa-comecando-em-meca\/#breadcrumb\"},\"inLanguage\":\"pt-BR\",\"potentialAction\":[{\"@type\":\"ReadAction\",\"target\":[\"https:\/\/www.travel3.com.br\/site\/sem-categoria\/a-maior-movimentacao-religiosa-comecando-em-meca\/\"]}]},{\"@type\":\"BreadcrumbList\",\"@id\":\"https:\/\/www.travel3.com.br\/site\/sem-categoria\/a-maior-movimentacao-religiosa-comecando-em-meca\/#breadcrumb\",\"itemListElement\":[{\"@type\":\"ListItem\",\"position\":1,\"name\":\"In\u00edcio\",\"item\":\"https:\/\/www.travel3.com.br\/site\/\"},{\"@type\":\"ListItem\",\"position\":2,\"name\":\"A MAIOR MOVIMENTA\u00c7\u00c3O RELIGIOSA COME\u00c7ANDO EM MECA\"}]},{\"@type\":\"WebSite\",\"@id\":\"https:\/\/www.travel3.com.br\/site\/#website\",\"url\":\"https:\/\/www.travel3.com.br\/site\/\",\"name\":\"Travel3\",\"description\":\"Lazer + Neg&oacute;cios + Aventura\",\"publisher\":{\"@id\":\"https:\/\/www.travel3.com.br\/site\/#organization\"},\"potentialAction\":[{\"@type\":\"SearchAction\",\"target\":{\"@type\":\"EntryPoint\",\"urlTemplate\":\"https:\/\/www.travel3.com.br\/site\/?s={search_term_string}\"},\"query-input\":{\"@type\":\"PropertyValueSpecification\",\"valueRequired\":true,\"valueName\":\"search_term_string\"}}],\"inLanguage\":\"pt-BR\"},{\"@type\":\"Organization\",\"@id\":\"https:\/\/www.travel3.com.br\/site\/#organization\",\"name\":\"Travel3\",\"url\":\"https:\/\/www.travel3.com.br\/site\/\",\"logo\":{\"@type\":\"ImageObject\",\"inLanguage\":\"pt-BR\",\"@id\":\"https:\/\/www.travel3.com.br\/site\/#\/schema\/logo\/image\/\",\"url\":\"https:\/\/www.travel3.com.br\/site\/wp-content\/uploads\/2020\/01\/logo-travel3-2020.png\",\"contentUrl\":\"https:\/\/www.travel3.com.br\/site\/wp-content\/uploads\/2020\/01\/logo-travel3-2020.png\",\"width\":232,\"height\":79,\"caption\":\"Travel3\"},\"image\":{\"@id\":\"https:\/\/www.travel3.com.br\/site\/#\/schema\/logo\/image\/\"},\"sameAs\":[\"https:\/\/www.facebook.com\/travel3media\/\",\"https:\/\/www.instagram.com\/revistatravel3\/\",\"https:\/\/www.youtube.com\/channel\/UCno7J4paGBR3VbZQzvoJ9Eg\"]},{\"@type\":\"Person\",\"@id\":\"https:\/\/www.travel3.com.br\/site\/#\/schema\/person\/a69d71e41a024999b6ab82369ac0bd1e\",\"name\":\"admin\",\"image\":{\"@type\":\"ImageObject\",\"inLanguage\":\"pt-BR\",\"@id\":\"https:\/\/www.travel3.com.br\/site\/#\/schema\/person\/image\/\",\"url\":\"https:\/\/secure.gravatar.com\/avatar\/732a67adfd764da2a47ba10ce731c4c0?s=96&d=mm&r=g\",\"contentUrl\":\"https:\/\/secure.gravatar.com\/avatar\/732a67adfd764da2a47ba10ce731c4c0?s=96&d=mm&r=g\",\"caption\":\"admin\"},\"url\":\"https:\/\/www.travel3.com.br\/site\/author\/admin\/\"}]}<\/script>\n<!-- \/ Yoast SEO plugin. -->","yoast_head_json":{"title":"A MAIOR MOVIMENTA\u00c7\u00c3O RELIGIOSA COME\u00c7ANDO EM MECA - Travel3","description":"A TRAVEL3 \u00e9 um portal de conte\u00fado voltado para o turismo, encontre destinos, viagens, hospedagem, passagens, guias, not\u00edcias sobre o mercado do turismo, dicas de viagem, v\u00eddeos e podcast.","robots":{"index":"index","follow":"follow","max-snippet":"max-snippet:-1","max-image-preview":"max-image-preview:large","max-video-preview":"max-video-preview:-1"},"canonical":"https:\/\/www.travel3.com.br\/site\/sem-categoria\/a-maior-movimentacao-religiosa-comecando-em-meca\/","og_locale":"pt_BR","og_type":"article","og_title":"A MAIOR MOVIMENTA\u00c7\u00c3O RELIGIOSA COME\u00c7ANDO EM MECA - Travel3","og_description":"A TRAVEL3 \u00e9 um portal de conte\u00fado voltado para o turismo, encontre destinos, viagens, hospedagem, passagens, guias, not\u00edcias sobre o mercado do turismo, dicas de viagem, v\u00eddeos e podcast.","og_url":"https:\/\/www.travel3.com.br\/site\/sem-categoria\/a-maior-movimentacao-religiosa-comecando-em-meca\/","og_site_name":"Travel3","article_publisher":"https:\/\/www.facebook.com\/travel3media\/","article_published_time":"2017-09-11T06:55:20+00:00","author":"admin","twitter_card":"summary_large_image","twitter_misc":{"Escrito por":"admin","Est. tempo de leitura":"2 minutos"},"schema":{"@context":"https:\/\/schema.org","@graph":[{"@type":"Article","@id":"https:\/\/www.travel3.com.br\/site\/sem-categoria\/a-maior-movimentacao-religiosa-comecando-em-meca\/#article","isPartOf":{"@id":"https:\/\/www.travel3.com.br\/site\/sem-categoria\/a-maior-movimentacao-religiosa-comecando-em-meca\/"},"author":{"name":"admin","@id":"https:\/\/www.travel3.com.br\/site\/#\/schema\/person\/a69d71e41a024999b6ab82369ac0bd1e"},"headline":"A MAIOR MOVIMENTA\u00c7\u00c3O RELIGIOSA COME\u00c7ANDO EM MECA","datePublished":"2017-09-11T06:55:20+00:00","mainEntityOfPage":{"@id":"https:\/\/www.travel3.com.br\/site\/sem-categoria\/a-maior-movimentacao-religiosa-comecando-em-meca\/"},"wordCount":341,"commentCount":0,"publisher":{"@id":"https:\/\/www.travel3.com.br\/site\/#organization"},"inLanguage":"pt-BR","potentialAction":[{"@type":"CommentAction","name":"Comment","target":["https:\/\/www.travel3.com.br\/site\/sem-categoria\/a-maior-movimentacao-religiosa-comecando-em-meca\/#respond"]}]},{"@type":"WebPage","@id":"https:\/\/www.travel3.com.br\/site\/sem-categoria\/a-maior-movimentacao-religiosa-comecando-em-meca\/","url":"https:\/\/www.travel3.com.br\/site\/sem-categoria\/a-maior-movimentacao-religiosa-comecando-em-meca\/","name":"A MAIOR MOVIMENTA\u00c7\u00c3O RELIGIOSA COME\u00c7ANDO EM MECA - Travel3","isPartOf":{"@id":"https:\/\/www.travel3.com.br\/site\/#website"},"datePublished":"2017-09-11T06:55:20+00:00","description":"A TRAVEL3 \u00e9 um portal de conte\u00fado voltado para o turismo, encontre destinos, viagens, hospedagem, passagens, guias, not\u00edcias sobre o mercado do turismo, dicas de viagem, v\u00eddeos e podcast.","breadcrumb":{"@id":"https:\/\/www.travel3.com.br\/site\/sem-categoria\/a-maior-movimentacao-religiosa-comecando-em-meca\/#breadcrumb"},"inLanguage":"pt-BR","potentialAction":[{"@type":"ReadAction","target":["https:\/\/www.travel3.com.br\/site\/sem-categoria\/a-maior-movimentacao-religiosa-comecando-em-meca\/"]}]},{"@type":"BreadcrumbList","@id":"https:\/\/www.travel3.com.br\/site\/sem-categoria\/a-maior-movimentacao-religiosa-comecando-em-meca\/#breadcrumb","itemListElement":[{"@type":"ListItem","position":1,"name":"In\u00edcio","item":"https:\/\/www.travel3.com.br\/site\/"},{"@type":"ListItem","position":2,"name":"A MAIOR MOVIMENTA\u00c7\u00c3O RELIGIOSA COME\u00c7ANDO EM MECA"}]},{"@type":"WebSite","@id":"https:\/\/www.travel3.com.br\/site\/#website","url":"https:\/\/www.travel3.com.br\/site\/","name":"Travel3","description":"Lazer + Neg&oacute;cios + Aventura","publisher":{"@id":"https:\/\/www.travel3.com.br\/site\/#organization"},"potentialAction":[{"@type":"SearchAction","target":{"@type":"EntryPoint","urlTemplate":"https:\/\/www.travel3.com.br\/site\/?s={search_term_string}"},"query-input":{"@type":"PropertyValueSpecification","valueRequired":true,"valueName":"search_term_string"}}],"inLanguage":"pt-BR"},{"@type":"Organization","@id":"https:\/\/www.travel3.com.br\/site\/#organization","name":"Travel3","url":"https:\/\/www.travel3.com.br\/site\/","logo":{"@type":"ImageObject","inLanguage":"pt-BR","@id":"https:\/\/www.travel3.com.br\/site\/#\/schema\/logo\/image\/","url":"https:\/\/www.travel3.com.br\/site\/wp-content\/uploads\/2020\/01\/logo-travel3-2020.png","contentUrl":"https:\/\/www.travel3.com.br\/site\/wp-content\/uploads\/2020\/01\/logo-travel3-2020.png","width":232,"height":79,"caption":"Travel3"},"image":{"@id":"https:\/\/www.travel3.com.br\/site\/#\/schema\/logo\/image\/"},"sameAs":["https:\/\/www.facebook.com\/travel3media\/","https:\/\/www.instagram.com\/revistatravel3\/","https:\/\/www.youtube.com\/channel\/UCno7J4paGBR3VbZQzvoJ9Eg"]},{"@type":"Person","@id":"https:\/\/www.travel3.com.br\/site\/#\/schema\/person\/a69d71e41a024999b6ab82369ac0bd1e","name":"admin","image":{"@type":"ImageObject","inLanguage":"pt-BR","@id":"https:\/\/www.travel3.com.br\/site\/#\/schema\/person\/image\/","url":"https:\/\/secure.gravatar.com\/avatar\/732a67adfd764da2a47ba10ce731c4c0?s=96&d=mm&r=g","contentUrl":"https:\/\/secure.gravatar.com\/avatar\/732a67adfd764da2a47ba10ce731c4c0?s=96&d=mm&r=g","caption":"admin"},"url":"https:\/\/www.travel3.com.br\/site\/author\/admin\/"}]}},"_links":{"self":[{"href":"https:\/\/www.travel3.com.br\/site\/wp-json\/wp\/v2\/posts\/1000","targetHints":{"allow":["GET"]}}],"collection":[{"href":"https:\/\/www.travel3.com.br\/site\/wp-json\/wp\/v2\/posts"}],"about":[{"href":"https:\/\/www.travel3.com.br\/site\/wp-json\/wp\/v2\/types\/post"}],"author":[{"embeddable":true,"href":"https:\/\/www.travel3.com.br\/site\/wp-json\/wp\/v2\/users\/1"}],"replies":[{"embeddable":true,"href":"https:\/\/www.travel3.com.br\/site\/wp-json\/wp\/v2\/comments?post=1000"}],"version-history":[{"count":0,"href":"https:\/\/www.travel3.com.br\/site\/wp-json\/wp\/v2\/posts\/1000\/revisions"}],"wp:attachment":[{"href":"https:\/\/www.travel3.com.br\/site\/wp-json\/wp\/v2\/media?parent=1000"}],"wp:term":[{"taxonomy":"category","embeddable":true,"href":"https:\/\/www.travel3.com.br\/site\/wp-json\/wp\/v2\/categories?post=1000"},{"taxonomy":"post_tag","embeddable":true,"href":"https:\/\/www.travel3.com.br\/site\/wp-json\/wp\/v2\/tags?post=1000"}],"curies":[{"name":"wp","href":"https:\/\/api.w.org\/{rel}","templated":true}]}}